{"id":4338,"date":"2023-07-06T06:00:00","date_gmt":"2023-07-06T04:00:00","guid":{"rendered":"https:\/\/www.pefc.ch\/?p=4338"},"modified":"2023-07-01T07:20:38","modified_gmt":"2023-07-01T05:20:38","slug":"produits-forestiers-du-bois-du-nord-ouest-de-la-suisse","status":"publish","type":"post","link":"https:\/\/www.pefc.ch\/fr\/produits-forestiers-du-bois-du-nord-ouest-de-la-suisse\/","title":{"rendered":"Produits forestiers du bois du nord-ouest de la Suisse"},"content":{"rendered":"\n<p><strong>Raurica Holzvermarktung AG vend toutes les gammes de bois durs et de r\u00e9sineux provenant des for\u00eats r\u00e9gionales.<\/strong><\/p>\n\n\n\n<p>Raurica Holzvermarktung AG commercialise tous les produits forestiers pour les propri\u00e9taires forestiers et les entreprises foresti\u00e8res du nord-ouest de la Suisse, renfor\u00e7ant ainsi la fili\u00e8re foresti\u00e8re et foresti\u00e8re r\u00e9gionale. Depuis 2015, Raurica Holzvermarktung AG fait \u00e9galement confiance au label PEFC. De cette mani\u00e8re, une gestion foresti\u00e8re socialement et \u00e9cologiquement rationnelle est encourag\u00e9e et il est possible de garantir que les fonctions naturelles de nos for\u00eats restent intactes.<\/p>\n\n\n\n<p>Pour plus d&rsquo;informations, visitez <a href=\"http:\/\/www.rauricawald.ch\">www.rauricawald.ch<\/a> et <a href=\"https:\/\/www.linkedin.com\/company\/raurica-wald\/\">LinkedIn<\/a><\/p>\n","protected":false},"excerpt":{"rendered":"<p>Raurica Holzvermarktung AG vend toutes les gammes de bois durs et de r\u00e9sineux provenant des for\u00eats r\u00e9gionales. Raurica Holzvermarktung AG commercialise tous les produits forestiers pour<span class=\"excerpt-hellip\"> [\u2026]<\/span><\/p>\n","protected":false},"author":1,"featured_media":4336,"comment_status":"open","ping_status":"open","sticky":false,"template":"","format":"standard","meta":{"_eb_attr":"","inline_featured_image":false,"footnotes":"","_links_to":"","_links_to_target":""},"categories":[19],"tags":[],"class_list":["post-4338","post","type-post","status-publish","format-standard","has-post-thumbnail","hentry","category-nouvelles"],"aioseo_notices":[],"_links":{"self":[{"href":"https:\/\/www.pefc.ch\/fr\/wp-json\/wp\/v2\/posts\/4338","targetHints":{"allow":["GET"]}}],"collection":[{"href":"https:\/\/www.pefc.ch\/fr\/wp-json\/wp\/v2\/posts"}],"about":[{"href":"https:\/\/www.pefc.ch\/fr\/wp-json\/wp\/v2\/types\/post"}],"author":[{"embeddable":true,"href":"https:\/\/www.pefc.ch\/fr\/wp-json\/wp\/v2\/users\/1"}],"replies":[{"embeddable":true,"href":"https:\/\/www.pefc.ch\/fr\/wp-json\/wp\/v2\/comments?post=4338"}],"version-history":[{"count":1,"href":"https:\/\/www.pefc.ch\/fr\/wp-json\/wp\/v2\/posts\/4338\/revisions"}],"predecessor-version":[{"id":4339,"href":"https:\/\/www.pefc.ch\/fr\/wp-json\/wp\/v2\/posts\/4338\/revisions\/4339"}],"wp:featuredmedia":[{"embeddable":true,"href":"https:\/\/www.pefc.ch\/fr\/wp-json\/wp\/v2\/media\/4336"}],"wp:attachment":[{"href":"https:\/\/www.pefc.ch\/fr\/wp-json\/wp\/v2\/media?parent=4338"}],"wp:term":[{"taxonomy":"category","embeddable":true,"href":"https:\/\/www.pefc.ch\/fr\/wp-json\/wp\/v2\/categories?post=4338"},{"taxonomy":"post_tag","embeddable":true,"href":"https:\/\/www.pefc.ch\/fr\/wp-json\/wp\/v2\/tags?post=4338"}],"curies":[{"name":"wp","href":"https:\/\/api.w.org\/{rel}","templated":true}]}}