{"id":4366,"date":"2023-06-22T14:51:46","date_gmt":"2023-06-22T12:51:46","guid":{"rendered":"https:\/\/www.pefc.ch\/?p=4366"},"modified":"2023-06-22T14:51:48","modified_gmt":"2023-06-22T12:51:48","slug":"seminaire-pefc-reussi","status":"publish","type":"post","link":"https:\/\/www.pefc.ch\/fr\/seminaire-pefc-reussi\/","title":{"rendered":"S\u00e9minaire PEFC r\u00e9ussi"},"content":{"rendered":"\n<p><strong>Le bureau tient \u00e0 remercier toutes les personnes impliqu\u00e9es.<\/strong><\/p>\n\n\n\n<p>Notre s\u00e9minaire du 15 june \u00e0 Yverdon-le-Bains a \u00e9t\u00e9 caract\u00e9ris\u00e9 par de nombreuses informations sur PEFC.<\/p>\n\n\n\n<p>En outre, l\u2019occasion de r\u00e9seautage a \u00e9t\u00e9 activement utilis\u00e9e par toutes les personnes pr\u00e9sentes.<\/p>\n\n\n\n<p>La promenade en for\u00eat de l\u2019apr\u00e8s-midi a donn\u00e9 un aper\u00e7u approfondi de la gestion, y compris des informations sur la norme foresti\u00e8re PEFC.<\/p>\n\n\n\n<p>Le prochain s\u00e9minaire PEFC en 2024 est d\u00e9j\u00e0 pr\u00e9vu.<\/p>\n","protected":false},"excerpt":{"rendered":"<p>Le bureau tient \u00e0 remercier toutes les personnes impliqu\u00e9es. Notre s\u00e9minaire du 15 june \u00e0 Yverdon-le-Bains a \u00e9t\u00e9 caract\u00e9ris\u00e9 par de nombreuses informations sur PEFC. En<span class=\"excerpt-hellip\"> [\u2026]<\/span><\/p>\n","protected":false},"author":1,"featured_media":4365,"comment_status":"open","ping_status":"open","sticky":false,"template":"","format":"standard","meta":{"_eb_attr":"","inline_featured_image":false,"footnotes":"","_links_to":"","_links_to_target":""},"categories":[19],"tags":[],"class_list":["post-4366","post","type-post","status-publish","format-standard","has-post-thumbnail","hentry","category-nouvelles"],"aioseo_notices":[],"_links":{"self":[{"href":"https:\/\/www.pefc.ch\/fr\/wp-json\/wp\/v2\/posts\/4366","targetHints":{"allow":["GET"]}}],"collection":[{"href":"https:\/\/www.pefc.ch\/fr\/wp-json\/wp\/v2\/posts"}],"about":[{"href":"https:\/\/www.pefc.ch\/fr\/wp-json\/wp\/v2\/types\/post"}],"author":[{"embeddable":true,"href":"https:\/\/www.pefc.ch\/fr\/wp-json\/wp\/v2\/users\/1"}],"replies":[{"embeddable":true,"href":"https:\/\/www.pefc.ch\/fr\/wp-json\/wp\/v2\/comments?post=4366"}],"version-history":[{"count":2,"href":"https:\/\/www.pefc.ch\/fr\/wp-json\/wp\/v2\/posts\/4366\/revisions"}],"predecessor-version":[{"id":4371,"href":"https:\/\/www.pefc.ch\/fr\/wp-json\/wp\/v2\/posts\/4366\/revisions\/4371"}],"wp:featuredmedia":[{"embeddable":true,"href":"https:\/\/www.pefc.ch\/fr\/wp-json\/wp\/v2\/media\/4365"}],"wp:attachment":[{"href":"https:\/\/www.pefc.ch\/fr\/wp-json\/wp\/v2\/media?parent=4366"}],"wp:term":[{"taxonomy":"category","embeddable":true,"href":"https:\/\/www.pefc.ch\/fr\/wp-json\/wp\/v2\/categories?post=4366"},{"taxonomy":"post_tag","embeddable":true,"href":"https:\/\/www.pefc.ch\/fr\/wp-json\/wp\/v2\/tags?post=4366"}],"curies":[{"name":"wp","href":"https:\/\/api.w.org\/{rel}","templated":true}]}}