{"id":4423,"date":"2023-08-02T06:00:00","date_gmt":"2023-08-02T04:00:00","guid":{"rendered":"https:\/\/www.pefc.ch\/?p=4423"},"modified":"2023-07-20T08:07:02","modified_gmt":"2023-07-20T06:07:02","slug":"nouvelle-utilisatrice-de-label-lico-ag","status":"publish","type":"post","link":"https:\/\/www.pefc.ch\/fr\/nouvelle-utilisatrice-de-label-lico-ag\/","title":{"rendered":"Nouvelle utilisatrice de label Li&amp;Co AG"},"content":{"rendered":"\n<p><strong>PEFC Suisse se r\u00e9jouit que Li&amp;Co AG soit une autre entreprise qui fait confiance au bois certifi\u00e9 PEFC.<\/strong><\/p>\n\n\n\n<p>Depuis les premi\u00e8res ann\u00e9es 1989, LICO de Val M\u00fcstair a r\u00e9ussi \u00e0 devenir une soci\u00e9t\u00e9 de production moderne, prosp\u00e8re et active dans le monde entier. Avec des produits de sol et de mur innovants, LICO s&rsquo;appuie d\u00e9sormais \u00e9galement sur du bois certifi\u00e9 PEFC issu d&rsquo;une foresterie durable garantie.<\/p>\n\n\n\n<p>PEFC Suisse accueille <a href=\"https:\/\/lico.ch\/\">Li&amp;Co AG<\/a> dans la famille PEFC !<\/p>\n","protected":false},"excerpt":{"rendered":"<p>PEFC Suisse se r\u00e9jouit que Li&amp;Co AG soit une autre entreprise qui fait confiance au bois certifi\u00e9 PEFC. Depuis les premi\u00e8res ann\u00e9es 1989, LICO de Val<span class=\"excerpt-hellip\"> [\u2026]<\/span><\/p>\n","protected":false},"author":1,"featured_media":4421,"comment_status":"open","ping_status":"open","sticky":false,"template":"","format":"standard","meta":{"_eb_attr":"","inline_featured_image":false,"footnotes":"","_links_to":"","_links_to_target":""},"categories":[19],"tags":[],"class_list":["post-4423","post","type-post","status-publish","format-standard","has-post-thumbnail","hentry","category-nouvelles"],"aioseo_notices":[],"_links":{"self":[{"href":"https:\/\/www.pefc.ch\/fr\/wp-json\/wp\/v2\/posts\/4423","targetHints":{"allow":["GET"]}}],"collection":[{"href":"https:\/\/www.pefc.ch\/fr\/wp-json\/wp\/v2\/posts"}],"about":[{"href":"https:\/\/www.pefc.ch\/fr\/wp-json\/wp\/v2\/types\/post"}],"author":[{"embeddable":true,"href":"https:\/\/www.pefc.ch\/fr\/wp-json\/wp\/v2\/users\/1"}],"replies":[{"embeddable":true,"href":"https:\/\/www.pefc.ch\/fr\/wp-json\/wp\/v2\/comments?post=4423"}],"version-history":[{"count":1,"href":"https:\/\/www.pefc.ch\/fr\/wp-json\/wp\/v2\/posts\/4423\/revisions"}],"predecessor-version":[{"id":4424,"href":"https:\/\/www.pefc.ch\/fr\/wp-json\/wp\/v2\/posts\/4423\/revisions\/4424"}],"wp:featuredmedia":[{"embeddable":true,"href":"https:\/\/www.pefc.ch\/fr\/wp-json\/wp\/v2\/media\/4421"}],"wp:attachment":[{"href":"https:\/\/www.pefc.ch\/fr\/wp-json\/wp\/v2\/media?parent=4423"}],"wp:term":[{"taxonomy":"category","embeddable":true,"href":"https:\/\/www.pefc.ch\/fr\/wp-json\/wp\/v2\/categories?post=4423"},{"taxonomy":"post_tag","embeddable":true,"href":"https:\/\/www.pefc.ch\/fr\/wp-json\/wp\/v2\/tags?post=4423"}],"curies":[{"name":"wp","href":"https:\/\/api.w.org\/{rel}","templated":true}]}}