{"id":4636,"date":"2024-05-10T06:00:00","date_gmt":"2024-05-10T04:00:00","guid":{"rendered":"https:\/\/www.pefc.ch\/?p=4636"},"modified":"2024-03-28T07:32:01","modified_gmt":"2024-03-28T06:32:01","slug":"bois-certifie-pefc-et-produits-contenant-du-bois-provenant-dune-seule-source","status":"publish","type":"post","link":"https:\/\/www.pefc.ch\/fr\/bois-certifie-pefc-et-produits-contenant-du-bois-provenant-dune-seule-source\/","title":{"rendered":"Bois certifi\u00e9 PEFC et produits contenant du bois provenant d&rsquo;une seule source"},"content":{"rendered":"\n<p><strong>PRODINGER Verpackung AG, dont le si\u00e8ge est \u00e0 Arisdorf (BL), est l&rsquo;un des principaux grossistes d&#8217;emballages et de consommables d&rsquo;hygi\u00e8ne sur le march\u00e9 suisse.<\/strong><\/p>\n\n\n\n<p>En tant que fournisseur performant, l&rsquo;entreprise mise sur une coop\u00e9ration \u00e0 long terme bas\u00e9e sur le partenariat, l&rsquo;\u00e9quit\u00e9 et la durabilit\u00e9. \u00c9tant donn\u00e9 que les mat\u00e9riaux d&#8217;emballage et d&rsquo;hygi\u00e8ne sont fabriqu\u00e9s \u00e0 partir de diverses mati\u00e8res premi\u00e8res naturelles, l&rsquo;entreprise a la responsabilit\u00e9 de prot\u00e9ger l&rsquo;environnement. Cette responsabilit\u00e9 est soulign\u00e9e par la certification PEFC-CoC de l&rsquo;entreprise. Cette responsabilit\u00e9 est \u00e9galement soulign\u00e9e dans les efforts visant \u00e0 \u00e9largir progressivement la gamme de bois certifi\u00e9s et de produits contenant du bois<\/p>\n\n\n\n<p>Avec la certification monosite depuis mars 2024, PRODINGER Verpackung AG donne l&rsquo;exemple en mati\u00e8re de gestion durable des for\u00eats.<\/p>\n\n\n\n<p>PEFC Suisse souhaite la bienvenue <a href=\"https:\/\/www.prodinger.ch\/\">&nbsp;\u00e0 PRODINGER Verpackung AG<\/a> au sein de la famille PEFC.<\/p>\n\n\n\n<p><\/p>\n","protected":false},"excerpt":{"rendered":"<p>PRODINGER Verpackung AG, dont le si\u00e8ge est \u00e0 Arisdorf (BL), est l&rsquo;un des principaux grossistes d&#8217;emballages et de consommables d&rsquo;hygi\u00e8ne sur le march\u00e9 suisse. En tant<span class=\"excerpt-hellip\"> [\u2026]<\/span><\/p>\n","protected":false},"author":1,"featured_media":4637,"comment_status":"open","ping_status":"open","sticky":false,"template":"","format":"standard","meta":{"_eb_attr":"","inline_featured_image":false,"footnotes":"","_links_to":"","_links_to_target":""},"categories":[19],"tags":[],"class_list":["post-4636","post","type-post","status-publish","format-standard","has-post-thumbnail","hentry","category-nouvelles"],"aioseo_notices":[],"_links":{"self":[{"href":"https:\/\/www.pefc.ch\/fr\/wp-json\/wp\/v2\/posts\/4636","targetHints":{"allow":["GET"]}}],"collection":[{"href":"https:\/\/www.pefc.ch\/fr\/wp-json\/wp\/v2\/posts"}],"about":[{"href":"https:\/\/www.pefc.ch\/fr\/wp-json\/wp\/v2\/types\/post"}],"author":[{"embeddable":true,"href":"https:\/\/www.pefc.ch\/fr\/wp-json\/wp\/v2\/users\/1"}],"replies":[{"embeddable":true,"href":"https:\/\/www.pefc.ch\/fr\/wp-json\/wp\/v2\/comments?post=4636"}],"version-history":[{"count":1,"href":"https:\/\/www.pefc.ch\/fr\/wp-json\/wp\/v2\/posts\/4636\/revisions"}],"predecessor-version":[{"id":4639,"href":"https:\/\/www.pefc.ch\/fr\/wp-json\/wp\/v2\/posts\/4636\/revisions\/4639"}],"wp:featuredmedia":[{"embeddable":true,"href":"https:\/\/www.pefc.ch\/fr\/wp-json\/wp\/v2\/media\/4637"}],"wp:attachment":[{"href":"https:\/\/www.pefc.ch\/fr\/wp-json\/wp\/v2\/media?parent=4636"}],"wp:term":[{"taxonomy":"category","embeddable":true,"href":"https:\/\/www.pefc.ch\/fr\/wp-json\/wp\/v2\/categories?post=4636"},{"taxonomy":"post_tag","embeddable":true,"href":"https:\/\/www.pefc.ch\/fr\/wp-json\/wp\/v2\/tags?post=4636"}],"curies":[{"name":"wp","href":"https:\/\/api.w.org\/{rel}","templated":true}]}}