{"id":4678,"date":"2024-07-05T06:00:00","date_gmt":"2024-07-05T04:00:00","guid":{"rendered":"https:\/\/www.pefc.ch\/?p=4678"},"modified":"2024-05-22T15:04:37","modified_gmt":"2024-05-22T13:04:37","slug":"congresforestier-2024-le-rajeunissement-de-la-foret-au-coeur-des-debats","status":"publish","type":"post","link":"https:\/\/www.pefc.ch\/fr\/congresforestier-2024-le-rajeunissement-de-la-foret-au-coeur-des-debats\/","title":{"rendered":"Congr\u00e8sForestier 2024: le rajeunissement de la for\u00eat au c\u0153ur des d\u00e9bats"},"content":{"rendered":"\n<p><\/p>\n\n\n\n<p><strong>Le 3 septembre 2024, Berne accueillera le 2e Congr\u00e8sForestier national. La question centrale de cette manifestation sera de savoir comment assurer la r\u00e9g\u00e9n\u00e9ration de la for\u00eat sous la pression des populations \u00e9lev\u00e9es de gibier et du changement climatique.<\/strong><\/p>\n\n\n\n<p>En ces temps de changement climatique, un rajeunissement fonctionnel de la for\u00eat est indispensable pour la diversit\u00e9 des essences, des structures et de la g\u00e9n\u00e9tique. D\u2019elles d\u00e9pendent la r\u00e9silience et la capacit\u00e9 d&rsquo;adaptation des futures g\u00e9n\u00e9rations de for\u00eats.<\/p>\n\n\n\n<p>Le Congr\u00e8sForestier du 3 septembre 2024, de 08h30 \u00e0 17h30, peut \u00eatre suivi sur place au Casino de Berne ou en livestream sur Internet. Une traduction simultan\u00e9e en fran\u00e7ais sera propos\u00e9e. Les frais de participation sur place s&rsquo;\u00e9l\u00e8vent \u00e0 200 francs et comprennent l\u2019inscription au congr\u00e8s ainsi que les repas sur place (cocktail d\u00eenatoire \u00e0 midi et ap\u00e9ritif de r\u00e9seautage apr\u00e8s la manifestation). L&rsquo;acc\u00e8s au livestream s&rsquo;\u00e9l\u00e8ve \u00e0 120 francs. Vous pouvez vous inscrire<br>sur <a href=\"http:\/\/www.congresforestier.ch.\" title=\"\">www.congresforestier.ch.<\/a><\/p>\n\n\n\n<p><\/p>\n","protected":false},"excerpt":{"rendered":"<p>Le 3 septembre 2024, Berne accueillera le 2e Congr\u00e8sForestier national. La question centrale de cette manifestation sera de savoir comment assurer la r\u00e9g\u00e9n\u00e9ration de la for\u00eat<span class=\"excerpt-hellip\"> [\u2026]<\/span><\/p>\n","protected":false},"author":1,"featured_media":1304,"comment_status":"open","ping_status":"open","sticky":false,"template":"","format":"standard","meta":{"_eb_attr":"","inline_featured_image":false,"footnotes":"","_links_to":"","_links_to_target":""},"categories":[19],"tags":[],"class_list":["post-4678","post","type-post","status-publish","format-standard","has-post-thumbnail","hentry","category-nouvelles"],"aioseo_notices":[],"_links":{"self":[{"href":"https:\/\/www.pefc.ch\/fr\/wp-json\/wp\/v2\/posts\/4678","targetHints":{"allow":["GET"]}}],"collection":[{"href":"https:\/\/www.pefc.ch\/fr\/wp-json\/wp\/v2\/posts"}],"about":[{"href":"https:\/\/www.pefc.ch\/fr\/wp-json\/wp\/v2\/types\/post"}],"author":[{"embeddable":true,"href":"https:\/\/www.pefc.ch\/fr\/wp-json\/wp\/v2\/users\/1"}],"replies":[{"embeddable":true,"href":"https:\/\/www.pefc.ch\/fr\/wp-json\/wp\/v2\/comments?post=4678"}],"version-history":[{"count":3,"href":"https:\/\/www.pefc.ch\/fr\/wp-json\/wp\/v2\/posts\/4678\/revisions"}],"predecessor-version":[{"id":4683,"href":"https:\/\/www.pefc.ch\/fr\/wp-json\/wp\/v2\/posts\/4678\/revisions\/4683"}],"wp:featuredmedia":[{"embeddable":true,"href":"https:\/\/www.pefc.ch\/fr\/wp-json\/wp\/v2\/media\/1304"}],"wp:attachment":[{"href":"https:\/\/www.pefc.ch\/fr\/wp-json\/wp\/v2\/media?parent=4678"}],"wp:term":[{"taxonomy":"category","embeddable":true,"href":"https:\/\/www.pefc.ch\/fr\/wp-json\/wp\/v2\/categories?post=4678"},{"taxonomy":"post_tag","embeddable":true,"href":"https:\/\/www.pefc.ch\/fr\/wp-json\/wp\/v2\/tags?post=4678"}],"curies":[{"name":"wp","href":"https:\/\/api.w.org\/{rel}","templated":true}]}}