{"id":4684,"date":"2024-05-24T06:00:00","date_gmt":"2024-05-24T04:00:00","guid":{"rendered":"https:\/\/www.pefc.ch\/?p=4684"},"modified":"2024-05-22T15:06:45","modified_gmt":"2024-05-22T13:06:45","slug":"seminaire-pefc-a-gretzenbach-2","status":"publish","type":"post","link":"https:\/\/www.pefc.ch\/fr\/seminaire-pefc-a-gretzenbach-2\/","title":{"rendered":"S\u00e9minaire PEFC \u00e0 Gretzenbach"},"content":{"rendered":"\n<p><strong>La date limite d&rsquo;inscription en ligne le 31 mai 202<\/strong>4<\/p>\n\n\n\n<p><strong>Le 5 juin, la matin\u00e9e sera consacr\u00e9e \u00e0 des informations sur le PEFC Suisse, la certification PEFC dans les r\u00e9gions tropicales, le HHV et la mise en \u0153uvre de la directive europ\u00e9enne sur les for\u00eats avec le PEFC. L&rsquo;apr\u00e8s-midi, une visite de l&rsquo;usine de papier Cartaseta AG sera organis\u00e9e.<\/strong><\/p>\n\n\n\n<p><strong>Programme :<\/strong><br>8:30 Arriv\u00e9e des participants, Sandackerstrasse 3, 4658 Gretzenbach chez Cartaseta AG<br><strong>Matin : 9:00 \u00e0 12:00 heures<\/strong><br>1. Mot de bienvenue, P. Camin, pr\u00e9sident de PEFC Suisse<br>2. Informations du secr\u00e9tariat de PEFC Suisse, G. Ratsch<br>3. Certification PEFC dans les r\u00e9gions tropicales, M. Pfannkuch de Precious Woods<br>4. Pause caf\u00e9<br>5. Les HHV et le r\u00f4le de PEFC, M. Seele, F. Reusser OFEV<br>6. PEFC et EUDR, T. Arndt, PEFC International<br>7. S\u00e9ance de questions-r\u00e9ponses<br><strong>Midi : 12:00 \u00e0 13:00 Pause y compris lunch debout<\/strong><br><strong>Apr\u00e8s-midi : de 13:00 \u00e0 15:30 heures<\/strong><br>Pr\u00e9sentation de la Cartaseta AG, visite de l&rsquo;usine incluse.<\/p>\n\n\n\n<p>La participation est gratuite.<\/p>\n\n\n\n<p>Inscription sous le lien suivant: h<a href=\"ttps:\/\/forms.office.com\/e\/RFXLiNGXmY?origin=lprLink\">ttps:\/\/forms.office.com\/e\/RFXLiNGXmY?origin=lprLink<\/a><\/p>\n\n\n\n<p><\/p>\n","protected":false},"excerpt":{"rendered":"<p>La date limite d&rsquo;inscription en ligne le 31 mai 2024 Le 5 juin, la matin\u00e9e sera consacr\u00e9e \u00e0 des informations sur le PEFC Suisse, la certification<span class=\"excerpt-hellip\"> [\u2026]<\/span><\/p>\n","protected":false},"author":1,"featured_media":1084,"comment_status":"open","ping_status":"open","sticky":false,"template":"","format":"standard","meta":{"_eb_attr":"","inline_featured_image":false,"footnotes":"","_links_to":"","_links_to_target":""},"categories":[19],"tags":[],"class_list":["post-4684","post","type-post","status-publish","format-standard","has-post-thumbnail","hentry","category-nouvelles"],"aioseo_notices":[],"_links":{"self":[{"href":"https:\/\/www.pefc.ch\/fr\/wp-json\/wp\/v2\/posts\/4684","targetHints":{"allow":["GET"]}}],"collection":[{"href":"https:\/\/www.pefc.ch\/fr\/wp-json\/wp\/v2\/posts"}],"about":[{"href":"https:\/\/www.pefc.ch\/fr\/wp-json\/wp\/v2\/types\/post"}],"author":[{"embeddable":true,"href":"https:\/\/www.pefc.ch\/fr\/wp-json\/wp\/v2\/users\/1"}],"replies":[{"embeddable":true,"href":"https:\/\/www.pefc.ch\/fr\/wp-json\/wp\/v2\/comments?post=4684"}],"version-history":[{"count":2,"href":"https:\/\/www.pefc.ch\/fr\/wp-json\/wp\/v2\/posts\/4684\/revisions"}],"predecessor-version":[{"id":4686,"href":"https:\/\/www.pefc.ch\/fr\/wp-json\/wp\/v2\/posts\/4684\/revisions\/4686"}],"wp:featuredmedia":[{"embeddable":true,"href":"https:\/\/www.pefc.ch\/fr\/wp-json\/wp\/v2\/media\/1084"}],"wp:attachment":[{"href":"https:\/\/www.pefc.ch\/fr\/wp-json\/wp\/v2\/media?parent=4684"}],"wp:term":[{"taxonomy":"category","embeddable":true,"href":"https:\/\/www.pefc.ch\/fr\/wp-json\/wp\/v2\/categories?post=4684"},{"taxonomy":"post_tag","embeddable":true,"href":"https:\/\/www.pefc.ch\/fr\/wp-json\/wp\/v2\/tags?post=4684"}],"curies":[{"name":"wp","href":"https:\/\/api.w.org\/{rel}","templated":true}]}}