{"id":4697,"date":"2024-06-10T14:15:00","date_gmt":"2024-06-10T12:15:00","guid":{"rendered":"https:\/\/www.pefc.ch\/?p=4697"},"modified":"2024-06-10T13:57:25","modified_gmt":"2024-06-10T11:57:25","slug":"seminaire-pefc-reussi-2","status":"publish","type":"post","link":"https:\/\/www.pefc.ch\/fr\/seminaire-pefc-reussi-2\/","title":{"rendered":"S\u00e9minaire PEFC r\u00e9ussi !"},"content":{"rendered":"\n<p><strong>Un grand merci aux intervenants qui ont enrichi de leur expertise le s\u00e9minaire PEFC du 5 juin.<\/strong><\/p>\n\n\n\n<p>Nous tenons \u00e0 souligner la conf\u00e9rence informative de Thorsten Arndt sur la mise en \u0153uvre de l&rsquo;EUDR avec PEFC, qui a donn\u00e9 lieu \u00e0 une discussion anim\u00e9e et enrichissante. Cet \u00e9v\u00e9nement a d\u00e9montr\u00e9 une fois de plus l&rsquo;importance du partage des connaissances et des exp\u00e9riences pour promouvoir des pratiques durables en mati\u00e8re de gestion foresti\u00e8re et de certification CoC.<\/p>\n\n\n\n<p>Nous tenons \u00e0 remercier tous les participants et les h\u00f4tes de Cartaseta AG. La visite guid\u00e9e de la production de papier a \u00e9t\u00e9 une conclusion tr\u00e8s instructive du s\u00e9minaire.<\/p>\n\n\n\n<p>Nous sommes impatients de poursuivre notre s\u00e9rie de s\u00e9minaires et d&rsquo;engager un dialogue pour avoir un impact positif sur les produits en bois et en papier provenant de for\u00eats g\u00e9r\u00e9es durablement.<\/p>\n\n\n\n<p><\/p>\n","protected":false},"excerpt":{"rendered":"<p>Un grand merci aux intervenants qui ont enrichi de leur expertise le s\u00e9minaire PEFC du 5 juin. Nous tenons \u00e0 souligner la conf\u00e9rence informative de Thorsten<span class=\"excerpt-hellip\"> [\u2026]<\/span><\/p>\n","protected":false},"author":1,"featured_media":4695,"comment_status":"open","ping_status":"open","sticky":false,"template":"","format":"standard","meta":{"_eb_attr":"","inline_featured_image":false,"footnotes":"","_links_to":"","_links_to_target":""},"categories":[19],"tags":[],"class_list":["post-4697","post","type-post","status-publish","format-standard","has-post-thumbnail","hentry","category-nouvelles"],"aioseo_notices":[],"_links":{"self":[{"href":"https:\/\/www.pefc.ch\/fr\/wp-json\/wp\/v2\/posts\/4697","targetHints":{"allow":["GET"]}}],"collection":[{"href":"https:\/\/www.pefc.ch\/fr\/wp-json\/wp\/v2\/posts"}],"about":[{"href":"https:\/\/www.pefc.ch\/fr\/wp-json\/wp\/v2\/types\/post"}],"author":[{"embeddable":true,"href":"https:\/\/www.pefc.ch\/fr\/wp-json\/wp\/v2\/users\/1"}],"replies":[{"embeddable":true,"href":"https:\/\/www.pefc.ch\/fr\/wp-json\/wp\/v2\/comments?post=4697"}],"version-history":[{"count":1,"href":"https:\/\/www.pefc.ch\/fr\/wp-json\/wp\/v2\/posts\/4697\/revisions"}],"predecessor-version":[{"id":4698,"href":"https:\/\/www.pefc.ch\/fr\/wp-json\/wp\/v2\/posts\/4697\/revisions\/4698"}],"wp:featuredmedia":[{"embeddable":true,"href":"https:\/\/www.pefc.ch\/fr\/wp-json\/wp\/v2\/media\/4695"}],"wp:attachment":[{"href":"https:\/\/www.pefc.ch\/fr\/wp-json\/wp\/v2\/media?parent=4697"}],"wp:term":[{"taxonomy":"category","embeddable":true,"href":"https:\/\/www.pefc.ch\/fr\/wp-json\/wp\/v2\/categories?post=4697"},{"taxonomy":"post_tag","embeddable":true,"href":"https:\/\/www.pefc.ch\/fr\/wp-json\/wp\/v2\/tags?post=4697"}],"curies":[{"name":"wp","href":"https:\/\/api.w.org\/{rel}","templated":true}]}}