{"id":4797,"date":"2024-12-02T06:00:00","date_gmt":"2024-12-02T05:00:00","guid":{"rendered":"https:\/\/www.pefc.ch\/?p=4797"},"modified":"2024-11-29T08:53:51","modified_gmt":"2024-11-29T07:53:51","slug":"eduardo-rojas-briales-reelu-president-de-pefc-international","status":"publish","type":"post","link":"https:\/\/www.pefc.ch\/fr\/eduardo-rojas-briales-reelu-president-de-pefc-international\/","title":{"rendered":"Eduardo Rojas Briales r\u00e9\u00e9lu pr\u00e9sident de PEFC International"},"content":{"rendered":"","protected":false},"excerpt":{"rendered":"","protected":false},"author":1,"featured_media":4800,"comment_status":"open","ping_status":"open","sticky":false,"template":"","format":"standard","meta":{"_eb_attr":"","inline_featured_image":false,"footnotes":"","_links_to":"","_links_to_target":""},"categories":[19],"tags":[],"class_list":["post-4797","post","type-post","status-publish","format-standard","has-post-thumbnail","hentry","category-nouvelles"],"aioseo_notices":[],"_links":{"self":[{"href":"https:\/\/www.pefc.ch\/fr\/wp-json\/wp\/v2\/posts\/4797","targetHints":{"allow":["GET"]}}],"collection":[{"href":"https:\/\/www.pefc.ch\/fr\/wp-json\/wp\/v2\/posts"}],"about":[{"href":"https:\/\/www.pefc.ch\/fr\/wp-json\/wp\/v2\/types\/post"}],"author":[{"embeddable":true,"href":"https:\/\/www.pefc.ch\/fr\/wp-json\/wp\/v2\/users\/1"}],"replies":[{"embeddable":true,"href":"https:\/\/www.pefc.ch\/fr\/wp-json\/wp\/v2\/comments?post=4797"}],"version-history":[{"count":1,"href":"https:\/\/www.pefc.ch\/fr\/wp-json\/wp\/v2\/posts\/4797\/revisions"}],"predecessor-version":[{"id":4809,"href":"https:\/\/www.pefc.ch\/fr\/wp-json\/wp\/v2\/posts\/4797\/revisions\/4809"}],"wp:featuredmedia":[{"embeddable":true,"href":"https:\/\/www.pefc.ch\/fr\/wp-json\/wp\/v2\/media\/4800"}],"wp:attachment":[{"href":"https:\/\/www.pefc.ch\/fr\/wp-json\/wp\/v2\/media?parent=4797"}],"wp:term":[{"taxonomy":"category","embeddable":true,"href":"https:\/\/www.pefc.ch\/fr\/wp-json\/wp\/v2\/categories?post=4797"},{"taxonomy":"post_tag","embeddable":true,"href":"https:\/\/www.pefc.ch\/fr\/wp-json\/wp\/v2\/tags?post=4797"}],"curies":[{"name":"wp","href":"https:\/\/api.w.org\/{rel}","templated":true}]}}