{"id":4827,"date":"2025-01-06T10:02:31","date_gmt":"2025-01-06T09:02:31","guid":{"rendered":"https:\/\/www.pefc.ch\/?p=4827"},"modified":"2025-01-06T10:02:33","modified_gmt":"2025-01-06T09:02:33","slug":"vers-lalignement-de-leudr","status":"publish","type":"post","link":"https:\/\/www.pefc.ch\/fr\/vers-lalignement-de-leudr\/","title":{"rendered":"Vers l&rsquo;alignement de l&rsquo;EUDR"},"content":{"rendered":"\n<p><strong>En d\u00e9cembre, une \u00e9dition de la s\u00e9rie de webinaires sur l&rsquo;adaptation du PEFC \u00e0 l&rsquo;EUDR a eu lieu.<\/strong><\/p>\n\n\n\n<p>En d\u00e9cembre, une \u00e9dition de la s\u00e9rie de webinaires sur l&rsquo;adaptation du PEFC \u00e0 l&rsquo;EUDR a eu lieu.<\/p>\n\n\n\n<p>Les experts de PEFC Hubert Inhaizer (gestion durable des for\u00eats), Maja Drca (affaires europ\u00e9ennes), Marta Mart\u00ednez Pardo (cha\u00eene de tra\u00e7abilit\u00e9) et Rob Shaw (donn\u00e9es et int\u00e9grit\u00e9) ont parl\u00e9 de l&rsquo;alignement de notre r\u00e9f\u00e9rence pour la gestion durable des for\u00eats, du module PEFC EUDR DDS, des partenariats avec des experts en technologie pour assurer la gestion des donn\u00e9es et des derni\u00e8res innovations de la Commission.<\/p>\n\n\n\n<p>Le webinaire peut \u00eatre consult\u00e9 r\u00e9trospectivement sous le lien suivant :<\/p>\n\n\n\n<p><a href=\"https:\/\/www.youtube.com\/watch?v=RZeYMeeAHZE\">PEFC: on the path to EUDR alignment, December 2024<\/a><\/p>\n\n\n\n<p>Plus d&rsquo;informations sur le site web de PEFC International :<\/p>\n\n\n\n<p><a href=\"https:\/\/www.pefc.org\/news\/on-the-path-to-eudr-alignment-see-our-webinar-recording\">On the path to EUDR alignment: see our webinar recording &#8211; PEFC &#8211; Programme for the Endorsement of Forest Certification<\/a><\/p>\n\n\n\n<p><\/p>\n","protected":false},"excerpt":{"rendered":"<p>En d\u00e9cembre, une \u00e9dition de la s\u00e9rie de webinaires sur l&rsquo;adaptation du PEFC \u00e0 l&rsquo;EUDR a eu lieu. En d\u00e9cembre, une \u00e9dition de la s\u00e9rie de<span class=\"excerpt-hellip\"> [\u2026]<\/span><\/p>\n","protected":false},"author":1,"featured_media":4816,"comment_status":"open","ping_status":"open","sticky":false,"template":"","format":"standard","meta":{"_eb_attr":"","inline_featured_image":false,"footnotes":"","_links_to":"","_links_to_target":""},"categories":[19],"tags":[],"class_list":["post-4827","post","type-post","status-publish","format-standard","has-post-thumbnail","hentry","category-nouvelles"],"aioseo_notices":[],"_links":{"self":[{"href":"https:\/\/www.pefc.ch\/fr\/wp-json\/wp\/v2\/posts\/4827","targetHints":{"allow":["GET"]}}],"collection":[{"href":"https:\/\/www.pefc.ch\/fr\/wp-json\/wp\/v2\/posts"}],"about":[{"href":"https:\/\/www.pefc.ch\/fr\/wp-json\/wp\/v2\/types\/post"}],"author":[{"embeddable":true,"href":"https:\/\/www.pefc.ch\/fr\/wp-json\/wp\/v2\/users\/1"}],"replies":[{"embeddable":true,"href":"https:\/\/www.pefc.ch\/fr\/wp-json\/wp\/v2\/comments?post=4827"}],"version-history":[{"count":1,"href":"https:\/\/www.pefc.ch\/fr\/wp-json\/wp\/v2\/posts\/4827\/revisions"}],"predecessor-version":[{"id":4828,"href":"https:\/\/www.pefc.ch\/fr\/wp-json\/wp\/v2\/posts\/4827\/revisions\/4828"}],"wp:featuredmedia":[{"embeddable":true,"href":"https:\/\/www.pefc.ch\/fr\/wp-json\/wp\/v2\/media\/4816"}],"wp:attachment":[{"href":"https:\/\/www.pefc.ch\/fr\/wp-json\/wp\/v2\/media?parent=4827"}],"wp:term":[{"taxonomy":"category","embeddable":true,"href":"https:\/\/www.pefc.ch\/fr\/wp-json\/wp\/v2\/categories?post=4827"},{"taxonomy":"post_tag","embeddable":true,"href":"https:\/\/www.pefc.ch\/fr\/wp-json\/wp\/v2\/tags?post=4827"}],"curies":[{"name":"wp","href":"https:\/\/api.w.org\/{rel}","templated":true}]}}