{"id":4837,"date":"2025-02-10T06:00:00","date_gmt":"2025-02-10T05:00:00","guid":{"rendered":"https:\/\/www.pefc.ch\/?p=4837"},"modified":"2025-01-22T07:33:09","modified_gmt":"2025-01-22T06:33:09","slug":"opinel-obtient-la-certification-pefc","status":"publish","type":"post","link":"https:\/\/www.pefc.ch\/fr\/opinel-obtient-la-certification-pefc\/","title":{"rendered":"Opinel obtient la certification PEFC"},"content":{"rendered":"\n<p><strong>Les couteaux Opinel, symbole de l&rsquo;artisanat fran\u00e7ais.<\/strong><\/p>\n\n\n\n<p>Le c\u00e9l\u00e8bre coutelier Opinel, fier ambassadeur de la Savoie, franchit une nouvelle \u00e9tape dans son engagement en faveur du d\u00e9veloppement durable. Lors d&rsquo;une c\u00e9r\u00e9monie officielle en octobre 2024 dans ses ateliers de Chamb\u00e9ry, l&rsquo;entreprise a obtenu la certification PEFC, qui certifie que le bois utilis\u00e9 pour fabriquer ses couteaux provient de for\u00eats g\u00e9r\u00e9es durablement et de sources contr\u00f4l\u00e9es. Depuis 135 ans, Opinel est une entreprise mondialement reconnue, caract\u00e9ris\u00e9e par son ancrage local et son approche respectueuse de l&rsquo;environnement. Avec la certification PEFC, cet engagement historique est encore renforc\u00e9. Avec cette certification, Opinel garantit \u00e0 tous les propri\u00e9taires de ses couteaux que leur bois est issu d&rsquo;une sylviculture durable et que tous les propri\u00e9taires et gestionnaires forestiers des for\u00eats du Vercors et du Jura, ainsi que les entreprises de la cha\u00eene d&rsquo;approvisionnement r\u00e9gionale, se sont engag\u00e9s \u00e0 appliquer les r\u00e8gles de gestion durable des for\u00eats et de tra\u00e7abilit\u00e9 du bois PEFC.<\/p>\n\n\n\n<p><\/p>\n","protected":false},"excerpt":{"rendered":"<p>Les couteaux Opinel, symbole de l&rsquo;artisanat fran\u00e7ais. Le c\u00e9l\u00e8bre coutelier Opinel, fier ambassadeur de la Savoie, franchit une nouvelle \u00e9tape dans son engagement en faveur du<span class=\"excerpt-hellip\"> [\u2026]<\/span><\/p>\n","protected":false},"author":1,"featured_media":4835,"comment_status":"open","ping_status":"open","sticky":false,"template":"","format":"standard","meta":{"_eb_attr":"","inline_featured_image":false,"footnotes":"","_links_to":"","_links_to_target":""},"categories":[19],"tags":[],"class_list":["post-4837","post","type-post","status-publish","format-standard","has-post-thumbnail","hentry","category-nouvelles"],"aioseo_notices":[],"_links":{"self":[{"href":"https:\/\/www.pefc.ch\/fr\/wp-json\/wp\/v2\/posts\/4837","targetHints":{"allow":["GET"]}}],"collection":[{"href":"https:\/\/www.pefc.ch\/fr\/wp-json\/wp\/v2\/posts"}],"about":[{"href":"https:\/\/www.pefc.ch\/fr\/wp-json\/wp\/v2\/types\/post"}],"author":[{"embeddable":true,"href":"https:\/\/www.pefc.ch\/fr\/wp-json\/wp\/v2\/users\/1"}],"replies":[{"embeddable":true,"href":"https:\/\/www.pefc.ch\/fr\/wp-json\/wp\/v2\/comments?post=4837"}],"version-history":[{"count":1,"href":"https:\/\/www.pefc.ch\/fr\/wp-json\/wp\/v2\/posts\/4837\/revisions"}],"predecessor-version":[{"id":4838,"href":"https:\/\/www.pefc.ch\/fr\/wp-json\/wp\/v2\/posts\/4837\/revisions\/4838"}],"wp:featuredmedia":[{"embeddable":true,"href":"https:\/\/www.pefc.ch\/fr\/wp-json\/wp\/v2\/media\/4835"}],"wp:attachment":[{"href":"https:\/\/www.pefc.ch\/fr\/wp-json\/wp\/v2\/media?parent=4837"}],"wp:term":[{"taxonomy":"category","embeddable":true,"href":"https:\/\/www.pefc.ch\/fr\/wp-json\/wp\/v2\/categories?post=4837"},{"taxonomy":"post_tag","embeddable":true,"href":"https:\/\/www.pefc.ch\/fr\/wp-json\/wp\/v2\/tags?post=4837"}],"curies":[{"name":"wp","href":"https:\/\/api.w.org\/{rel}","templated":true}]}}