{"id":4842,"date":"2025-01-22T07:35:42","date_gmt":"2025-01-22T06:35:42","guid":{"rendered":"https:\/\/www.pefc.ch\/?p=4842"},"modified":"2025-01-22T07:35:44","modified_gmt":"2025-01-22T06:35:44","slug":"revision-des-exigences-de-certification-des-projets-pefc-enquete-aupres-des-parties-prenantes","status":"publish","type":"post","link":"https:\/\/www.pefc.ch\/fr\/revision-des-exigences-de-certification-des-projets-pefc-enquete-aupres-des-parties-prenantes\/","title":{"rendered":"R\u00e9vision des exigences de certification des projets PEFC : enqu\u00eate aupr\u00e8s des parties prenantes"},"content":{"rendered":"\n<p><strong>Il vous faudra environ 15 minutes pour r\u00e9pondre au sondage, et vos r\u00e9ponses resteront confidentielles. La date limite pour les commentaires est le 4 f\u00e9vrier.<\/strong><\/p>\n\n\n\n<p>Le PEFC (Programme for the Endorsement of Forest Certification) r\u00e9vise actuellement les exigences de certification des projets afin de r\u00e9pondre aux besoins des parties prenantes, d&rsquo;apporter une valeur ajout\u00e9e aux entreprises et de les aligner sur la derni\u00e8re version de la norme PEFC Chain of Custody.<\/p>\n\n\n\n<p><strong>Pourquoi r\u00e9pondre \u00e0 l&rsquo;enqu\u00eate ?<\/strong><\/p>\n\n\n\n<p><strong>Affiner les exigences :<\/strong> Aidez \u00e0 mieux aligner les exigences de certification sur les besoins sp\u00e9cifiques du projet.<\/p>\n\n\n\n<p><strong>Partagez vos id\u00e9es :<\/strong> Partagez vos id\u00e9es sur l&rsquo;alignement de la certification des projets avec les applications r\u00e9elles de construction \u00e9cologique.<\/p>\n\n\n\n<p><strong>Influence :<\/strong> Influencez la mani\u00e8re dont PEFC soutient les projets certifi\u00e9s dans les domaines de la construction, de l&rsquo;art et au-del\u00e0.<\/p>\n\n\n\n<p>Il vous faudra environ 15 minutes pour r\u00e9pondre au sondage, et vos r\u00e9ponses resteront confidentielles. La date limite pour les commentaires est le 4 f\u00e9vrier.<\/p>\n\n\n\n<p>Link zur Umfrage&nbsp;: <a href=\"https:\/\/www.surveymonkey.com\/r\/JKCG3QR\">R\u00e9vision des exigences de certification du projet PEFC : Enqu\u00eate de r\u00e9troaction des parties prenantes<\/a><\/p>\n\n\n\n<p><\/p>\n","protected":false},"excerpt":{"rendered":"<p>Il vous faudra environ 15 minutes pour r\u00e9pondre au sondage, et vos r\u00e9ponses resteront confidentielles. La date limite pour les commentaires est le 4 f\u00e9vrier. Le<span class=\"excerpt-hellip\"> [\u2026]<\/span><\/p>\n","protected":false},"author":1,"featured_media":886,"comment_status":"open","ping_status":"open","sticky":false,"template":"","format":"standard","meta":{"_eb_attr":"","inline_featured_image":false,"footnotes":"","_links_to":"","_links_to_target":""},"categories":[19],"tags":[],"class_list":["post-4842","post","type-post","status-publish","format-standard","has-post-thumbnail","hentry","category-nouvelles"],"aioseo_notices":[],"_links":{"self":[{"href":"https:\/\/www.pefc.ch\/fr\/wp-json\/wp\/v2\/posts\/4842","targetHints":{"allow":["GET"]}}],"collection":[{"href":"https:\/\/www.pefc.ch\/fr\/wp-json\/wp\/v2\/posts"}],"about":[{"href":"https:\/\/www.pefc.ch\/fr\/wp-json\/wp\/v2\/types\/post"}],"author":[{"embeddable":true,"href":"https:\/\/www.pefc.ch\/fr\/wp-json\/wp\/v2\/users\/1"}],"replies":[{"embeddable":true,"href":"https:\/\/www.pefc.ch\/fr\/wp-json\/wp\/v2\/comments?post=4842"}],"version-history":[{"count":1,"href":"https:\/\/www.pefc.ch\/fr\/wp-json\/wp\/v2\/posts\/4842\/revisions"}],"predecessor-version":[{"id":4843,"href":"https:\/\/www.pefc.ch\/fr\/wp-json\/wp\/v2\/posts\/4842\/revisions\/4843"}],"wp:featuredmedia":[{"embeddable":true,"href":"https:\/\/www.pefc.ch\/fr\/wp-json\/wp\/v2\/media\/886"}],"wp:attachment":[{"href":"https:\/\/www.pefc.ch\/fr\/wp-json\/wp\/v2\/media?parent=4842"}],"wp:term":[{"taxonomy":"category","embeddable":true,"href":"https:\/\/www.pefc.ch\/fr\/wp-json\/wp\/v2\/categories?post=4842"},{"taxonomy":"post_tag","embeddable":true,"href":"https:\/\/www.pefc.ch\/fr\/wp-json\/wp\/v2\/tags?post=4842"}],"curies":[{"name":"wp","href":"https:\/\/api.w.org\/{rel}","templated":true}]}}