{"id":4862,"date":"2025-04-15T13:40:28","date_gmt":"2025-04-15T11:40:28","guid":{"rendered":"https:\/\/www.pefc.ch\/?p=4862"},"modified":"2025-04-15T13:40:30","modified_gmt":"2025-04-15T11:40:30","slug":"seminaire-sur-la-chaine-de-controle-et-leudr-en-allemagne","status":"publish","type":"post","link":"https:\/\/www.pefc.ch\/fr\/seminaire-sur-la-chaine-de-controle-et-leudr-en-allemagne\/","title":{"rendered":"S\u00e9minaire sur la cha\u00eene de contr\u00f4le et l&rsquo;EUDR en Allemagne"},"content":{"rendered":"\n<p><strong>S\u00e9minaire COC \u00e0 Erfurt aux multiples facettes<\/strong><\/p>\n\n\n\n<p>Le bureau suisse de PEFC a r\u00e9cemment particip\u00e9 au s\u00e9minaire CoC \u00e0 Erfurt, en Allemagne. L&rsquo;\u00e9v\u00e9nement a \u00e9t\u00e9 extr\u00eamement instructif et a offert des informations pr\u00e9cieuses sur divers sujets.<\/p>\n\n\n\n<p>Nous remercions tout particuli\u00e8rement Dirk Teegelbekkers, directeur g\u00e9n\u00e9ral de PEFC Allemagne, pour son aper\u00e7u complet des derniers d\u00e9veloppements et initiatives de PEFC Allemagne. Ses remarques nous ont donn\u00e9 un aper\u00e7u clair du travail et des objectifs de l&rsquo;organisation.<\/p>\n\n\n\n<p>Un autre moment fort a \u00e9t\u00e9 la pr\u00e9sentation de Linda Matole de PEFC International, qui nous a parl\u00e9 du module PEFC-EUDR-DDS. Sa pr\u00e9sentation a \u00e9t\u00e9 tr\u00e8s appr\u00e9ci\u00e9e par tous les participants et a contribu\u00e9 de mani\u00e8re significative \u00e0 la compr\u00e9hension de ce sujet important.<\/p>\n\n\n\n<p>Dans l&rsquo;apr\u00e8s-midi, nous avons eu l&rsquo;occasion de discuter de l&rsquo;EUDR et de l&rsquo;utilisation de la marque PEFC lors d&rsquo;une session de questions-r\u00e9ponses.<\/p>\n\n\n\n<p>Le soir, il y a eu une visite passionnante de la ville, au cours de laquelle nous avons visit\u00e9, entre autres, le c\u00e9l\u00e8bre Kr\u00e4merbr\u00fccke. Le Kr\u00e4merbr\u00fccke est le plus long pont d&rsquo;Europe avec des maisons continues et un exemple fascinant d&rsquo;architecture m\u00e9di\u00e9vale. Ce pont historique et la charmante vieille ville d&rsquo;Erfurt ont laiss\u00e9 une impression durable sur tous les participants.<\/p>\n\n\n\n<p>Au bureau de PEFC en Suisse, nous avons beaucoup appr\u00e9ci\u00e9 l&rsquo;\u00e9change avec nos coll\u00e8gues de PEFC International et de PEFC Allemagne. L&rsquo;\u00e9v\u00e9nement a \u00e9t\u00e9 une plate-forme pr\u00e9cieuse pour l&rsquo;\u00e9change d&rsquo;exp\u00e9riences et de connaissances et a renforc\u00e9 la coop\u00e9ration entre les diff\u00e9rentes organisations du PEFC. Un grand merci \u00e0 tous les participants pour cette exp\u00e9rience enrichissante !<\/p>\n\n\n\n<p><\/p>\n","protected":false},"excerpt":{"rendered":"<p>S\u00e9minaire COC \u00e0 Erfurt aux multiples facettes Le bureau suisse de PEFC a r\u00e9cemment particip\u00e9 au s\u00e9minaire CoC \u00e0 Erfurt, en Allemagne. L&rsquo;\u00e9v\u00e9nement a \u00e9t\u00e9 extr\u00eamement<span class=\"excerpt-hellip\"> [\u2026]<\/span><\/p>\n","protected":false},"author":1,"featured_media":4859,"comment_status":"open","ping_status":"open","sticky":false,"template":"","format":"standard","meta":{"_eb_attr":"","inline_featured_image":false,"footnotes":"","_links_to":"","_links_to_target":""},"categories":[19],"tags":[],"class_list":["post-4862","post","type-post","status-publish","format-standard","has-post-thumbnail","hentry","category-nouvelles"],"aioseo_notices":[],"_links":{"self":[{"href":"https:\/\/www.pefc.ch\/fr\/wp-json\/wp\/v2\/posts\/4862","targetHints":{"allow":["GET"]}}],"collection":[{"href":"https:\/\/www.pefc.ch\/fr\/wp-json\/wp\/v2\/posts"}],"about":[{"href":"https:\/\/www.pefc.ch\/fr\/wp-json\/wp\/v2\/types\/post"}],"author":[{"embeddable":true,"href":"https:\/\/www.pefc.ch\/fr\/wp-json\/wp\/v2\/users\/1"}],"replies":[{"embeddable":true,"href":"https:\/\/www.pefc.ch\/fr\/wp-json\/wp\/v2\/comments?post=4862"}],"version-history":[{"count":1,"href":"https:\/\/www.pefc.ch\/fr\/wp-json\/wp\/v2\/posts\/4862\/revisions"}],"predecessor-version":[{"id":4863,"href":"https:\/\/www.pefc.ch\/fr\/wp-json\/wp\/v2\/posts\/4862\/revisions\/4863"}],"wp:featuredmedia":[{"embeddable":true,"href":"https:\/\/www.pefc.ch\/fr\/wp-json\/wp\/v2\/media\/4859"}],"wp:attachment":[{"href":"https:\/\/www.pefc.ch\/fr\/wp-json\/wp\/v2\/media?parent=4862"}],"wp:term":[{"taxonomy":"category","embeddable":true,"href":"https:\/\/www.pefc.ch\/fr\/wp-json\/wp\/v2\/categories?post=4862"},{"taxonomy":"post_tag","embeddable":true,"href":"https:\/\/www.pefc.ch\/fr\/wp-json\/wp\/v2\/tags?post=4862"}],"curies":[{"name":"wp","href":"https:\/\/api.w.org\/{rel}","templated":true}]}}