{"id":4871,"date":"2025-05-19T06:00:00","date_gmt":"2025-05-19T04:00:00","guid":{"rendered":"https:\/\/www.pefc.ch\/?p=4871"},"modified":"2025-05-07T09:25:21","modified_gmt":"2025-05-07T07:25:21","slug":"consultation-sur-la-norme-forestiere-suisse-pefc","status":"publish","type":"post","link":"https:\/\/www.pefc.ch\/fr\/consultation-sur-la-norme-forestiere-suisse-pefc\/","title":{"rendered":"Consultation sur la norme foresti\u00e8re suisse PEFC"},"content":{"rendered":"\n<p><strong>Commentaires jusqu&rsquo;au 2 juin<\/strong><\/p>\n\n\n\n<p>PEFC Suisse a adapt\u00e9 la norme foresti\u00e8re sur la base de la nouvelle norme de r\u00e9f\u00e9rence de PEFC International. Ces ajustements tiennent compte des exigences du r\u00e8glement de l&rsquo;UE sur la d\u00e9forestation (EUDR). L&rsquo;EUDR vise \u00e0 faire en sorte qu&rsquo;un certain nombre de biens mis sur le march\u00e9 de l&rsquo;UE ne contribuent plus \u00e0 la d\u00e9forestation et \u00e0 la d\u00e9gradation des for\u00eats dans l&rsquo;UE et ailleurs dans le monde. La nouvelle r\u00e9glementation couvre l&rsquo;huile de palme, le b\u0153uf, le soja, le caf\u00e9, le cacao, le caoutchouc ainsi que le bois et les produits fabriqu\u00e9s \u00e0 partir de celui-ci.<\/p>\n\n\n\n<p>La consultation sur la r\u00e9vision de la norme foresti\u00e8re suisse PEFC se d\u00e9roule jusqu&rsquo;au 2 juin. Pendant cette p\u00e9riode, les parties int\u00e9ress\u00e9es auront la possibilit\u00e9 de consulter le projet et la feuille de commentaires sur le <a href=\"https:\/\/www.pefc.ch\/fr\/revision\/\">site web suisse du PEFC<\/a> et de donner leur avis.<\/p>\n\n\n\n<p>De plus amples informations sur le r\u00e8glement de l&rsquo;UE sur la d\u00e9forestation (EUDR) et ses effets sont disponibles sur le <a href=\"https:\/\/pefc.org\/eudr\">site web de PEFC International<\/a> . Ces informations donnent un aper\u00e7u complet des nouvelles exigences et de leurs implications pour l&rsquo;am\u00e9nagement forestier durable.<\/p>\n\n\n\n<p><\/p>\n","protected":false},"excerpt":{"rendered":"<p>Commentaires jusqu&rsquo;au 2 juin PEFC Suisse a adapt\u00e9 la norme foresti\u00e8re sur la base de la nouvelle norme de r\u00e9f\u00e9rence de PEFC International. Ces ajustements tiennent<span class=\"excerpt-hellip\"> [\u2026]<\/span><\/p>\n","protected":false},"author":1,"featured_media":4889,"comment_status":"open","ping_status":"open","sticky":false,"template":"","format":"standard","meta":{"_eb_attr":"","inline_featured_image":false,"footnotes":"","_links_to":"","_links_to_target":""},"categories":[19],"tags":[],"class_list":["post-4871","post","type-post","status-publish","format-standard","has-post-thumbnail","hentry","category-nouvelles"],"aioseo_notices":[],"_links":{"self":[{"href":"https:\/\/www.pefc.ch\/fr\/wp-json\/wp\/v2\/posts\/4871","targetHints":{"allow":["GET"]}}],"collection":[{"href":"https:\/\/www.pefc.ch\/fr\/wp-json\/wp\/v2\/posts"}],"about":[{"href":"https:\/\/www.pefc.ch\/fr\/wp-json\/wp\/v2\/types\/post"}],"author":[{"embeddable":true,"href":"https:\/\/www.pefc.ch\/fr\/wp-json\/wp\/v2\/users\/1"}],"replies":[{"embeddable":true,"href":"https:\/\/www.pefc.ch\/fr\/wp-json\/wp\/v2\/comments?post=4871"}],"version-history":[{"count":2,"href":"https:\/\/www.pefc.ch\/fr\/wp-json\/wp\/v2\/posts\/4871\/revisions"}],"predecessor-version":[{"id":4891,"href":"https:\/\/www.pefc.ch\/fr\/wp-json\/wp\/v2\/posts\/4871\/revisions\/4891"}],"wp:featuredmedia":[{"embeddable":true,"href":"https:\/\/www.pefc.ch\/fr\/wp-json\/wp\/v2\/media\/4889"}],"wp:attachment":[{"href":"https:\/\/www.pefc.ch\/fr\/wp-json\/wp\/v2\/media?parent=4871"}],"wp:term":[{"taxonomy":"category","embeddable":true,"href":"https:\/\/www.pefc.ch\/fr\/wp-json\/wp\/v2\/categories?post=4871"},{"taxonomy":"post_tag","embeddable":true,"href":"https:\/\/www.pefc.ch\/fr\/wp-json\/wp\/v2\/tags?post=4871"}],"curies":[{"name":"wp","href":"https:\/\/api.w.org\/{rel}","templated":true}]}}