{"id":4911,"date":"2025-07-01T06:00:00","date_gmt":"2025-07-01T04:00:00","guid":{"rendered":"https:\/\/www.pefc.ch\/?p=4911"},"modified":"2025-06-05T07:16:18","modified_gmt":"2025-06-05T05:16:18","slug":"rencontre-dach-2025-a-vienne","status":"publish","type":"post","link":"https:\/\/www.pefc.ch\/fr\/rencontre-dach-2025-a-vienne\/","title":{"rendered":"Rencontre DACH 2025 \u00e0 Vienne"},"content":{"rendered":"\n<p><strong>Un engagement commun pour une gestion foresti\u00e8re durable<\/strong><\/p>\n\n\n\n<p>Fin mai 2025, les directeurs de PEFC Allemagne, Autriche et Suisse se sont r\u00e9unis \u00e0 Vienne pour la rencontre annuelle DACH. Cette ann\u00e9e, c\u2019est&nbsp;PEFC Autriche&nbsp;qui a accueilli l\u2019\u00e9v\u00e9nement avec beaucoup de professionnalisme et de convivialit\u00e9.<\/p>\n\n\n\n<p>Au c\u0153ur des \u00e9changes figuraient des sujets d\u2019actualit\u00e9 li\u00e9s \u00e0 la&nbsp;gestion durable des for\u00eats, notamment les d\u00e9veloppements internationaux comme le&nbsp;r\u00e8glement europ\u00e9en contre la d\u00e9forestation (EUDR), ainsi que les d\u00e9fis sp\u00e9cifiques \u00e0 chaque pays. Les discussions ont une fois de plus soulign\u00e9 l\u2019importance d\u2019une coop\u00e9ration transfrontali\u00e8re dans le domaine forestier.<\/p>\n\n\n\n<p>Un moment fort de la rencontre a \u00e9t\u00e9 la&nbsp;pr\u00e9sentation du bureau de PEFC Autriche, qui a offert un aper\u00e7u passionnant de ses activit\u00e9s et de son fonctionnement. Le d\u00e9jeuner commun a permis de renforcer les liens personnels et de mieux faire connaissance dans une ambiance d\u00e9tendue.<\/p>\n\n\n\n<p>Un grand merci \u00e0&nbsp;PEFC Autriche&nbsp;pour l\u2019organisation exemplaire et l\u2019accueil chaleureux !<\/p>\n\n\n\n<p>Nous nous r\u00e9jouissons d\u00e9j\u00e0 de la prochaine rencontre DACH, qui aura lieu en&nbsp;2026 \u00e0 Stuttgart, chez&nbsp;PEFC Allemagne.<\/p>\n\n\n\n<p><\/p>\n","protected":false},"excerpt":{"rendered":"<p>Un engagement commun pour une gestion foresti\u00e8re durable Fin mai 2025, les directeurs de PEFC Allemagne, Autriche et Suisse se sont r\u00e9unis \u00e0 Vienne pour la<span class=\"excerpt-hellip\"> [\u2026]<\/span><\/p>\n","protected":false},"author":1,"featured_media":4909,"comment_status":"open","ping_status":"open","sticky":false,"template":"","format":"standard","meta":{"_eb_attr":"","inline_featured_image":false,"footnotes":"","_links_to":"","_links_to_target":""},"categories":[19],"tags":[],"class_list":["post-4911","post","type-post","status-publish","format-standard","has-post-thumbnail","hentry","category-nouvelles"],"aioseo_notices":[],"_links":{"self":[{"href":"https:\/\/www.pefc.ch\/fr\/wp-json\/wp\/v2\/posts\/4911","targetHints":{"allow":["GET"]}}],"collection":[{"href":"https:\/\/www.pefc.ch\/fr\/wp-json\/wp\/v2\/posts"}],"about":[{"href":"https:\/\/www.pefc.ch\/fr\/wp-json\/wp\/v2\/types\/post"}],"author":[{"embeddable":true,"href":"https:\/\/www.pefc.ch\/fr\/wp-json\/wp\/v2\/users\/1"}],"replies":[{"embeddable":true,"href":"https:\/\/www.pefc.ch\/fr\/wp-json\/wp\/v2\/comments?post=4911"}],"version-history":[{"count":1,"href":"https:\/\/www.pefc.ch\/fr\/wp-json\/wp\/v2\/posts\/4911\/revisions"}],"predecessor-version":[{"id":4912,"href":"https:\/\/www.pefc.ch\/fr\/wp-json\/wp\/v2\/posts\/4911\/revisions\/4912"}],"wp:featuredmedia":[{"embeddable":true,"href":"https:\/\/www.pefc.ch\/fr\/wp-json\/wp\/v2\/media\/4909"}],"wp:attachment":[{"href":"https:\/\/www.pefc.ch\/fr\/wp-json\/wp\/v2\/media?parent=4911"}],"wp:term":[{"taxonomy":"category","embeddable":true,"href":"https:\/\/www.pefc.ch\/fr\/wp-json\/wp\/v2\/categories?post=4911"},{"taxonomy":"post_tag","embeddable":true,"href":"https:\/\/www.pefc.ch\/fr\/wp-json\/wp\/v2\/tags?post=4911"}],"curies":[{"name":"wp","href":"https:\/\/api.w.org\/{rel}","templated":true}]}}