{"id":4932,"date":"2025-08-04T06:00:00","date_gmt":"2025-08-04T04:00:00","guid":{"rendered":"https:\/\/www.pefc.ch\/?p=4932"},"modified":"2025-07-16T11:09:51","modified_gmt":"2025-07-16T09:09:51","slug":"commission-de-certification-pefc-visite-en-suisse","status":"publish","type":"post","link":"https:\/\/www.pefc.ch\/fr\/commission-de-certification-pefc-visite-en-suisse\/","title":{"rendered":"Commission de certification PEFC &#8211; visite en Suisse"},"content":{"rendered":"\n<p><strong>Visite de la commission allemande de certification PEFC en Suisse \u2013 Enthousiasme pour la for\u00eat jardin\u00e9e et le plus grand sapin du paysrable<\/strong><\/p>\n\n\n\n<p>Une d\u00e9l\u00e9gation de la commission allemande de certification PEFC a visit\u00e9 la Suisse le 15 juillet pour s\u2019informer sur la gestion foresti\u00e8re durable. Environ 27 participants ont pris part \u00e0 un programme riche en d\u00e9couvertes scientifiques et pratiques.<br><br>La matin\u00e9e a d\u00e9but\u00e9 par une visite \u00e0 la Haute \u00e9cole des sciences agronomiques, foresti\u00e8res et alimentaires (HAFL) \u00e0 Zollikofen, o\u00f9 les invit\u00e9s ont pu d\u00e9couvrir les derni\u00e8res avanc\u00e9es en mati\u00e8re de recherche et de formation foresti\u00e8re.<br><br>L\u2019apr\u00e8s-midi, le groupe s\u2019est rendu dans le Val-de-Travers pour explorer la for\u00eat jardin\u00e9e, un exemple remarquable de sylviculture proche de la nature. La visite a \u00e9t\u00e9 guid\u00e9e par Alix Mercier Ing\u00e9nieur d\u2019arrondissement du Val-de-Travers et Dominik Brantschen de For\u00eatSuisse, qui ont pr\u00e9sent\u00e9 les sp\u00e9cificit\u00e9s de cette m\u00e9thode de gestion.<br><br>Le moment fort de la journ\u00e9e fut la d\u00e9couverte du sapin \u201eLe Pr\u00e9sident\u201c, le plus grand sapin blanc connu de Suisse. Avec ses 58,02 m\u00e8tres de hauteur, un tronc de plus de 5,2 m\u00e8tres de circonf\u00e9rence et un \u00e2ge estim\u00e9 \u00e0 environ 300 ans, cet arbre majestueux situ\u00e9 dans la for\u00eat jardin\u00e9e de Couvet a profond\u00e9ment impressionn\u00e9 les visiteurs.<br><br>L\u2019enthousiasme de la d\u00e9l\u00e9gation allemande \u00e9tait palpable \u2013 tant pour la diversit\u00e9 des for\u00eats suisses que pour l\u2019engagement des professionnels locaux. Cette visite a soulign\u00e9 l\u2019importance des \u00e9changes dans le domaine de la gestion foresti\u00e8re durable.<\/p>\n\n\n\n<p><\/p>\n","protected":false},"excerpt":{"rendered":"<p>Visite de la commission allemande de certification PEFC en Suisse \u2013 Enthousiasme pour la for\u00eat jardin\u00e9e et le plus grand sapin du paysrable Une d\u00e9l\u00e9gation de<span class=\"excerpt-hellip\"> [\u2026]<\/span><\/p>\n","protected":false},"author":1,"featured_media":4929,"comment_status":"open","ping_status":"open","sticky":false,"template":"","format":"standard","meta":{"_eb_attr":"","inline_featured_image":false,"footnotes":"","_links_to":"","_links_to_target":""},"categories":[19],"tags":[],"class_list":["post-4932","post","type-post","status-publish","format-standard","has-post-thumbnail","hentry","category-nouvelles"],"aioseo_notices":[],"_links":{"self":[{"href":"https:\/\/www.pefc.ch\/fr\/wp-json\/wp\/v2\/posts\/4932","targetHints":{"allow":["GET"]}}],"collection":[{"href":"https:\/\/www.pefc.ch\/fr\/wp-json\/wp\/v2\/posts"}],"about":[{"href":"https:\/\/www.pefc.ch\/fr\/wp-json\/wp\/v2\/types\/post"}],"author":[{"embeddable":true,"href":"https:\/\/www.pefc.ch\/fr\/wp-json\/wp\/v2\/users\/1"}],"replies":[{"embeddable":true,"href":"https:\/\/www.pefc.ch\/fr\/wp-json\/wp\/v2\/comments?post=4932"}],"version-history":[{"count":1,"href":"https:\/\/www.pefc.ch\/fr\/wp-json\/wp\/v2\/posts\/4932\/revisions"}],"predecessor-version":[{"id":4933,"href":"https:\/\/www.pefc.ch\/fr\/wp-json\/wp\/v2\/posts\/4932\/revisions\/4933"}],"wp:featuredmedia":[{"embeddable":true,"href":"https:\/\/www.pefc.ch\/fr\/wp-json\/wp\/v2\/media\/4929"}],"wp:attachment":[{"href":"https:\/\/www.pefc.ch\/fr\/wp-json\/wp\/v2\/media?parent=4932"}],"wp:term":[{"taxonomy":"category","embeddable":true,"href":"https:\/\/www.pefc.ch\/fr\/wp-json\/wp\/v2\/categories?post=4932"},{"taxonomy":"post_tag","embeddable":true,"href":"https:\/\/www.pefc.ch\/fr\/wp-json\/wp\/v2\/tags?post=4932"}],"curies":[{"name":"wp","href":"https:\/\/api.w.org\/{rel}","templated":true}]}}