{"id":4945,"date":"2025-09-01T06:00:00","date_gmt":"2025-09-01T04:00:00","guid":{"rendered":"https:\/\/www.pefc.ch\/?p=4945"},"modified":"2025-08-28T06:43:09","modified_gmt":"2025-08-28T04:43:09","slug":"pefc-suisse-a-la-foire-forestiere-de-lucerne","status":"publish","type":"post","link":"https:\/\/www.pefc.ch\/fr\/pefc-suisse-a-la-foire-forestiere-de-lucerne\/","title":{"rendered":"PEFC Suisse \u00e0 la Foire foresti\u00e8re de Lucerne"},"content":{"rendered":"\n<p><strong>La certification au c\u0153ur des \u00e9changes<\/strong><\/p>\n\n\n\n<p>Le <strong>21 ao\u00fbt 2025<\/strong>, PEFC Suisse \u00e9tait pr\u00e9sent \u00e0 la Foire foresti\u00e8re de Lucerne sur le stand de la SQS \u2013 Association suisse pour les syst\u00e8mes de qualit\u00e9 et de management (hall 2, stand A04). Les visiteurs ont pu s\u2019informer directement sur la certification PEFC et \u00e9changer autour des enjeux li\u00e9s \u00e0 la gestion durable des for\u00eats.<\/p>\n\n\n\n<p>Cet \u00e9v\u00e9nement a permis de mettre en lumi\u00e8re l\u2019importance des certifications dans le secteur forestier et de promouvoir une gestion responsable des ressources naturelles. Le contact direct avec les professionnels et les curieux refl\u00e8te l\u2019engagement de PEFC Suisse en faveur de la transparence et du dialogue.<\/p>\n\n\n\n<p>La Foire foresti\u00e8re de Lucerne est une plateforme incontournable pour d\u00e9couvrir les derni\u00e8res innovations, normes et pratiques du secteur.<\/p>\n\n\n\n<p><\/p>\n","protected":false},"excerpt":{"rendered":"<p>La certification au c\u0153ur des \u00e9changes Le 21 ao\u00fbt 2025, PEFC Suisse \u00e9tait pr\u00e9sent \u00e0 la Foire foresti\u00e8re de Lucerne sur le stand de la SQS<span class=\"excerpt-hellip\"> [\u2026]<\/span><\/p>\n","protected":false},"author":1,"featured_media":4944,"comment_status":"open","ping_status":"open","sticky":false,"template":"","format":"standard","meta":{"_eb_attr":"","inline_featured_image":false,"footnotes":"","_links_to":"","_links_to_target":""},"categories":[19],"tags":[],"class_list":["post-4945","post","type-post","status-publish","format-standard","has-post-thumbnail","hentry","category-nouvelles"],"aioseo_notices":[],"_links":{"self":[{"href":"https:\/\/www.pefc.ch\/fr\/wp-json\/wp\/v2\/posts\/4945","targetHints":{"allow":["GET"]}}],"collection":[{"href":"https:\/\/www.pefc.ch\/fr\/wp-json\/wp\/v2\/posts"}],"about":[{"href":"https:\/\/www.pefc.ch\/fr\/wp-json\/wp\/v2\/types\/post"}],"author":[{"embeddable":true,"href":"https:\/\/www.pefc.ch\/fr\/wp-json\/wp\/v2\/users\/1"}],"replies":[{"embeddable":true,"href":"https:\/\/www.pefc.ch\/fr\/wp-json\/wp\/v2\/comments?post=4945"}],"version-history":[{"count":1,"href":"https:\/\/www.pefc.ch\/fr\/wp-json\/wp\/v2\/posts\/4945\/revisions"}],"predecessor-version":[{"id":4946,"href":"https:\/\/www.pefc.ch\/fr\/wp-json\/wp\/v2\/posts\/4945\/revisions\/4946"}],"wp:featuredmedia":[{"embeddable":true,"href":"https:\/\/www.pefc.ch\/fr\/wp-json\/wp\/v2\/media\/4944"}],"wp:attachment":[{"href":"https:\/\/www.pefc.ch\/fr\/wp-json\/wp\/v2\/media?parent=4945"}],"wp:term":[{"taxonomy":"category","embeddable":true,"href":"https:\/\/www.pefc.ch\/fr\/wp-json\/wp\/v2\/categories?post=4945"},{"taxonomy":"post_tag","embeddable":true,"href":"https:\/\/www.pefc.ch\/fr\/wp-json\/wp\/v2\/tags?post=4945"}],"curies":[{"name":"wp","href":"https:\/\/api.w.org\/{rel}","templated":true}]}}