{"id":4983,"date":"2025-12-02T06:00:00","date_gmt":"2025-12-02T05:00:00","guid":{"rendered":"https:\/\/www.pefc.ch\/?p=4983"},"modified":"2025-11-13T09:50:06","modified_gmt":"2025-11-13T08:50:06","slug":"33e-assemblee-generale-de-pefc-international-retour-sur-levenement","status":"publish","type":"post","link":"https:\/\/www.pefc.ch\/fr\/33e-assemblee-generale-de-pefc-international-retour-sur-levenement\/","title":{"rendered":"33e Assembl\u00e9e G\u00e9n\u00e9rale de PEFC International \u2013 Retour sur l\u2019\u00e9v\u00e9nement"},"content":{"rendered":"\n<p><\/p>\n\n\n\n<p>Le 12 novembre 2025, la 33e Assembl\u00e9e G\u00e9n\u00e9rale de PEFC International s\u2019est tenue sous forme de r\u00e9union en ligne. Cet \u00e9v\u00e9nement a marqu\u00e9 des d\u00e9cisions importantes et des \u00e9volutions passionnantes pour l\u2019avenir de notre r\u00e9seau.<\/p>\n\n\n\n<h4 class=\"wp-block-heading\"><strong>Points forts de l\u2019Assembl\u00e9e G\u00e9n\u00e9rale<\/strong><\/h4>\n\n\n\n<ul class=\"wp-block-list\">\n<li>Nouveaux vice-pr\u00e9sidents \u00e9lus :<br>Suzette Weeding devient premi\u00e8re vice-pr\u00e9sidente, tandis que Guy Gleysteen est \u00e9lu deuxi\u00e8me vice-pr\u00e9sident.<\/li>\n\n\n\n<li>Continuit\u00e9 au sein du conseil :<br>Eva M\u00fcller et Scott Robertson, C.S., ont \u00e9t\u00e9 r\u00e9\u00e9lus et poursuivront leur travail au sein du conseil d\u2019administration.<\/li>\n\n\n\n<li>Nouveaux membres du conseil :<br>Nous avons le plaisir d\u2019accueillir Gilles de Boncourt et Hlengiwe Ndlovu-Msibi comme nouveaux membres du conseil. Leur expertise et leur engagement seront des atouts pr\u00e9cieux pour notre organisation.<\/li>\n<\/ul>\n\n\n\n<h4 class=\"wp-block-heading\"><strong>Remerciements aux membres sortants<\/strong><\/h4>\n\n\n\n<p>Un grand merci \u00e0 Kurt Ramskogler de PEFC Austria, dont le mandat au conseil d\u2019administration de PEFC International s\u2019ach\u00e8ve. Nous saluons son engagement et sa contribution au d\u00e9veloppement de notre organisation.<\/p>\n\n\n\n<p><\/p>\n","protected":false},"excerpt":{"rendered":"<p>Le 12 novembre 2025, la 33e Assembl\u00e9e G\u00e9n\u00e9rale de PEFC International s\u2019est tenue sous forme de r\u00e9union en ligne. Cet \u00e9v\u00e9nement a marqu\u00e9 des d\u00e9cisions importantes<span class=\"excerpt-hellip\"> [\u2026]<\/span><\/p>\n","protected":false},"author":1,"featured_media":4981,"comment_status":"open","ping_status":"open","sticky":false,"template":"","format":"standard","meta":{"_eb_attr":"","inline_featured_image":false,"footnotes":"","_links_to":"","_links_to_target":""},"categories":[19],"tags":[],"class_list":["post-4983","post","type-post","status-publish","format-standard","has-post-thumbnail","hentry","category-nouvelles"],"aioseo_notices":[],"_links":{"self":[{"href":"https:\/\/www.pefc.ch\/fr\/wp-json\/wp\/v2\/posts\/4983","targetHints":{"allow":["GET"]}}],"collection":[{"href":"https:\/\/www.pefc.ch\/fr\/wp-json\/wp\/v2\/posts"}],"about":[{"href":"https:\/\/www.pefc.ch\/fr\/wp-json\/wp\/v2\/types\/post"}],"author":[{"embeddable":true,"href":"https:\/\/www.pefc.ch\/fr\/wp-json\/wp\/v2\/users\/1"}],"replies":[{"embeddable":true,"href":"https:\/\/www.pefc.ch\/fr\/wp-json\/wp\/v2\/comments?post=4983"}],"version-history":[{"count":1,"href":"https:\/\/www.pefc.ch\/fr\/wp-json\/wp\/v2\/posts\/4983\/revisions"}],"predecessor-version":[{"id":4984,"href":"https:\/\/www.pefc.ch\/fr\/wp-json\/wp\/v2\/posts\/4983\/revisions\/4984"}],"wp:featuredmedia":[{"embeddable":true,"href":"https:\/\/www.pefc.ch\/fr\/wp-json\/wp\/v2\/media\/4981"}],"wp:attachment":[{"href":"https:\/\/www.pefc.ch\/fr\/wp-json\/wp\/v2\/media?parent=4983"}],"wp:term":[{"taxonomy":"category","embeddable":true,"href":"https:\/\/www.pefc.ch\/fr\/wp-json\/wp\/v2\/categories?post=4983"},{"taxonomy":"post_tag","embeddable":true,"href":"https:\/\/www.pefc.ch\/fr\/wp-json\/wp\/v2\/tags?post=4983"}],"curies":[{"name":"wp","href":"https:\/\/api.w.org\/{rel}","templated":true}]}}