{"id":5043,"date":"2026-01-02T06:00:00","date_gmt":"2026-01-02T05:00:00","guid":{"rendered":"https:\/\/www.pefc.ch\/?p=5043"},"modified":"2026-01-05T14:36:13","modified_gmt":"2026-01-05T13:36:13","slug":"voeux-de-nouvelle-annee-2026","status":"publish","type":"post","link":"https:\/\/www.pefc.ch\/fr\/voeux-de-nouvelle-annee-2026\/","title":{"rendered":"V\u0153ux de nouvelle ann\u00e9e 2026"},"content":{"rendered":"\n<h4 class=\"wp-block-heading\"><strong>Bonne ann\u00e9e 2026 !<\/strong><\/h4>\n\n\n\n<p>Chers amis et partisans de la gestion durable des for\u00eats,<\/p>\n\n\n\n<p>PEFC Suisse revient avec gratitude sur une ann\u00e9e riche en \u00e9v\u00e9nements et aborde 2026 avec confiance. La r\u00e9vision prochaine de notre syst\u00e8me, qui nous permettra de le perfectionner et de l&rsquo;adapter aux d\u00e9fis actuels, sera pour nous un th\u00e8me central. Nous garantissons ainsi que les produits en bois et en papier continueront de provenir de for\u00eats g\u00e9r\u00e9es de mani\u00e8re durable et responsable.<\/p>\n\n\n\n<p>Nous nous r\u00e9jouissons d&rsquo;\u00eatre \u00e0 nouveau davantage pr\u00e9sents lors de salons et d&rsquo;\u00e9v\u00e9nements au cours de la nouvelle ann\u00e9e afin de cultiver les \u00e9changes directs avec les propri\u00e9taires forestiers, les entreprises et les consommateurs. Avec vous, nous souhaitons continuer \u00e0 renforcer la prise de conscience en faveur d&rsquo;une exploitation foresti\u00e8re durable et prot\u00e9ger nos for\u00eats en tant qu&rsquo;habitats pr\u00e9cieux, zones de loisirs et sources de mati\u00e8res premi\u00e8res.<\/p>\n\n\n\n<p>En 2026, nous serons l\u00e0 pour tous : pour les propri\u00e9taires forestiers, pour les entreprises qui accordent de l&rsquo;importance \u00e0 la durabilit\u00e9 et pour toutes les personnes qui ont \u00e0 c\u0153ur la sant\u00e9 et la diversit\u00e9 du paysage forestier.<\/p>\n\n\n\n<p>Nous vous souhaitons une nouvelle ann\u00e9e heureuse, saine et prosp\u00e8re !<\/p>\n\n\n\n<p>Cordialement,<\/p>\n\n\n\n<p>Votre \u00e9quipe PEFC Suisse<\/p>\n\n\n\n<p><\/p>\n","protected":false},"excerpt":{"rendered":"<p>Bonne ann\u00e9e 2026 ! Chers amis et partisans de la gestion durable des for\u00eats, PEFC Suisse revient avec gratitude sur une ann\u00e9e riche en \u00e9v\u00e9nements et<span class=\"excerpt-hellip\"> [\u2026]<\/span><\/p>\n","protected":false},"author":1,"featured_media":5044,"comment_status":"open","ping_status":"open","sticky":false,"template":"","format":"standard","meta":{"_eb_attr":"","inline_featured_image":false,"footnotes":"","_links_to":"","_links_to_target":""},"categories":[19],"tags":[],"class_list":["post-5043","post","type-post","status-publish","format-standard","has-post-thumbnail","hentry","category-nouvelles"],"aioseo_notices":[],"_links":{"self":[{"href":"https:\/\/www.pefc.ch\/fr\/wp-json\/wp\/v2\/posts\/5043","targetHints":{"allow":["GET"]}}],"collection":[{"href":"https:\/\/www.pefc.ch\/fr\/wp-json\/wp\/v2\/posts"}],"about":[{"href":"https:\/\/www.pefc.ch\/fr\/wp-json\/wp\/v2\/types\/post"}],"author":[{"embeddable":true,"href":"https:\/\/www.pefc.ch\/fr\/wp-json\/wp\/v2\/users\/1"}],"replies":[{"embeddable":true,"href":"https:\/\/www.pefc.ch\/fr\/wp-json\/wp\/v2\/comments?post=5043"}],"version-history":[{"count":1,"href":"https:\/\/www.pefc.ch\/fr\/wp-json\/wp\/v2\/posts\/5043\/revisions"}],"predecessor-version":[{"id":5045,"href":"https:\/\/www.pefc.ch\/fr\/wp-json\/wp\/v2\/posts\/5043\/revisions\/5045"}],"wp:featuredmedia":[{"embeddable":true,"href":"https:\/\/www.pefc.ch\/fr\/wp-json\/wp\/v2\/media\/5044"}],"wp:attachment":[{"href":"https:\/\/www.pefc.ch\/fr\/wp-json\/wp\/v2\/media?parent=5043"}],"wp:term":[{"taxonomy":"category","embeddable":true,"href":"https:\/\/www.pefc.ch\/fr\/wp-json\/wp\/v2\/categories?post=5043"},{"taxonomy":"post_tag","embeddable":true,"href":"https:\/\/www.pefc.ch\/fr\/wp-json\/wp\/v2\/tags?post=5043"}],"curies":[{"name":"wp","href":"https:\/\/api.w.org\/{rel}","templated":true}]}}