{"id":5055,"date":"2026-02-02T06:00:00","date_gmt":"2026-02-02T05:00:00","guid":{"rendered":"https:\/\/www.pefc.ch\/?p=5055"},"modified":"2026-01-27T13:53:50","modified_gmt":"2026-01-27T12:53:50","slug":"the-timber-truth","status":"publish","type":"post","link":"https:\/\/www.pefc.ch\/fr\/the-timber-truth\/","title":{"rendered":"The Timber Truth"},"content":{"rendered":"\n<h4 class=\"wp-block-heading\"><strong>PEFC Suisse f\u00e9licite PEFC Pays-Bas pour la publication de \u00ab The Timber Truth \u00bb<\/strong><\/h4>\n\n\n\n<p>Cette publication contribue de mani\u00e8re importante \u00e0 informer sur les avantages du bois en tant que mat\u00e9riau de construction durable et soutient la transition vers une industrie de la construction ax\u00e9e sur le recyclage.<\/p>\n\n\n\n<p>Vous trouverez plus d&rsquo;informations sur cette publication en cliquant sur le lien suivant :<\/p>\n\n\n\n<p><a href=\"https:\/\/www.pefc.org\/news\/new-timber-publication-reflects-pefcs-global-mission\">New timber publication reflects PEFC\u2019s global mission &#8211; PEFC &#8211; Programme for the Endorsement of Forest Certification<\/a><\/p>\n","protected":false},"excerpt":{"rendered":"<p>PEFC Suisse f\u00e9licite PEFC Pays-Bas pour la publication de \u00ab The Timber Truth \u00bb Cette publication contribue de mani\u00e8re importante \u00e0 informer sur les avantages du<span class=\"excerpt-hellip\"> [\u2026]<\/span><\/p>\n","protected":false},"author":1,"featured_media":5056,"comment_status":"open","ping_status":"open","sticky":false,"template":"","format":"standard","meta":{"_eb_attr":"","inline_featured_image":false,"footnotes":"","_links_to":"","_links_to_target":""},"categories":[19],"tags":[],"class_list":["post-5055","post","type-post","status-publish","format-standard","has-post-thumbnail","hentry","category-nouvelles"],"aioseo_notices":[],"_links":{"self":[{"href":"https:\/\/www.pefc.ch\/fr\/wp-json\/wp\/v2\/posts\/5055","targetHints":{"allow":["GET"]}}],"collection":[{"href":"https:\/\/www.pefc.ch\/fr\/wp-json\/wp\/v2\/posts"}],"about":[{"href":"https:\/\/www.pefc.ch\/fr\/wp-json\/wp\/v2\/types\/post"}],"author":[{"embeddable":true,"href":"https:\/\/www.pefc.ch\/fr\/wp-json\/wp\/v2\/users\/1"}],"replies":[{"embeddable":true,"href":"https:\/\/www.pefc.ch\/fr\/wp-json\/wp\/v2\/comments?post=5055"}],"version-history":[{"count":1,"href":"https:\/\/www.pefc.ch\/fr\/wp-json\/wp\/v2\/posts\/5055\/revisions"}],"predecessor-version":[{"id":5057,"href":"https:\/\/www.pefc.ch\/fr\/wp-json\/wp\/v2\/posts\/5055\/revisions\/5057"}],"wp:featuredmedia":[{"embeddable":true,"href":"https:\/\/www.pefc.ch\/fr\/wp-json\/wp\/v2\/media\/5056"}],"wp:attachment":[{"href":"https:\/\/www.pefc.ch\/fr\/wp-json\/wp\/v2\/media?parent=5055"}],"wp:term":[{"taxonomy":"category","embeddable":true,"href":"https:\/\/www.pefc.ch\/fr\/wp-json\/wp\/v2\/categories?post=5055"},{"taxonomy":"post_tag","embeddable":true,"href":"https:\/\/www.pefc.ch\/fr\/wp-json\/wp\/v2\/tags?post=5055"}],"curies":[{"name":"wp","href":"https:\/\/api.w.org\/{rel}","templated":true}]}}