{"id":5074,"date":"2026-04-02T06:00:00","date_gmt":"2026-04-02T04:00:00","guid":{"rendered":"https:\/\/www.pefc.ch\/?p=5074"},"modified":"2026-03-26T08:39:58","modified_gmt":"2026-03-26T07:39:58","slug":"seminaire-pefc-a-yverdon-les-bains-3","status":"publish","type":"post","link":"https:\/\/www.pefc.ch\/fr\/seminaire-pefc-a-yverdon-les-bains-3\/","title":{"rendered":"S\u00e9minaire PEFC \u00e0 Yverdon-les-Bains"},"content":{"rendered":"\n<h4 class=\"wp-block-heading\"><strong>PEFC Suisse organise un s\u00e9minaire \u00e0 Yverdon-les-Bains et invite toutes les personnes int\u00e9ress\u00e9es \u00e0 y participer.<\/strong><\/h4>\n\n\n\n<p>Le matin du 24 juin, des informations seront fournies sur le sujet de la \u00ab R\u00e9vision des normes PEFC \u00bb, de l\u2019Association Artus-PEFC et de l\u2019interface de donn\u00e9es EUDR de HIS. Dans l\u2019apr\u00e8s-midi, une visite aura lieu \u00e0 la scierie Zahnd SA certifi\u00e9e PEFC. De plus, le PEFC Suisse c\u00e9l\u00e8bre \u00e9galement son 25e anniversaire \u00e0 cette occasion.<\/p>\n\n\n\n<p><strong>Programme :<\/strong><br>8:30 Uhr Accueil des participants, Centre St-Roch, Avenue des Sports 20, Yverdon-les-Bains&nbsp;<\/p>\n\n\n\n<p><strong>Matin&nbsp;: de 9 h \u00e0 12 h<\/strong><br>1. Bienvenue, P. Camin, pr\u00e9sident PEFC Suisse<br>2. Informations du bureau de PEFC Suisse, P. Camin, pr\u00e9sident PEFC Suisse<br>3. PEFC en Suisse romande &#8211; Association Artus, C. Giesch, For\u00eat Valais<br>4. R\u00e9vision des normes PEFC suisses 2026, G. Ratsch, directeur PEFC Suisse<br>5. Pause-caf\u00e9<br>6. PEFC International Pass\u00e9-Pr\u00e9sent-Futur , Th. Arndt, PEFC International<br>7. Interface de donn\u00e9es EUDR,&nbsp;A. Schafer, HIS <br>8. S\u00e9ance de questions-r\u00e9ponses <\/p>\n\n\n\n<p><strong>D\u00e9jeuner : 12h00 \u00e0 13h00 Pause avec d\u00e9jeuner debout<\/strong><br><br><strong>D\u00e9part vers 13h15 pour la scierie.<\/strong><br>Le transport en bus est d\u00e9j\u00e0 organis\u00e9.<\/p>\n\n\n\n<p><strong>Apr\u00e8s-midi 14:00 \u00e0 15:30<\/strong><br>Visite Scierie Zahnd SA (Scierie certifi\u00e9e PEFC), 1046 Rueyres<\/p>\n\n\n\n<p>La manifestation se d\u00e9roulera en allemand et en fran\u00e7ais. Une traduction des questions pos\u00e9es par les participants aux intervenants sera assur\u00e9e.<\/p>\n\n\n\n<p>La participation est gratuite.<\/p>\n\n\n\n<p>Inscription jusqu&rsquo;au 5 juin via le lien suivant : <a href=\"https:\/\/forms.office.com\/e\/H4F5Dtrn15?origin=lprLink\" title=\"\">Inscription<\/a><\/p>\n\n\n\n<p><\/p>\n","protected":false},"excerpt":{"rendered":"<p>PEFC Suisse organise un s\u00e9minaire \u00e0 Yverdon-les-Bains et invite toutes les personnes int\u00e9ress\u00e9es \u00e0 y participer. Le matin du 24 juin, des informations seront fournies sur<span class=\"excerpt-hellip\"> [\u2026]<\/span><\/p>\n","protected":false},"author":1,"featured_media":5077,"comment_status":"open","ping_status":"open","sticky":false,"template":"","format":"standard","meta":{"_eb_attr":"","inline_featured_image":false,"footnotes":"","_links_to":"","_links_to_target":""},"categories":[19],"tags":[],"class_list":["post-5074","post","type-post","status-publish","format-standard","has-post-thumbnail","hentry","category-nouvelles"],"aioseo_notices":[],"_links":{"self":[{"href":"https:\/\/www.pefc.ch\/fr\/wp-json\/wp\/v2\/posts\/5074","targetHints":{"allow":["GET"]}}],"collection":[{"href":"https:\/\/www.pefc.ch\/fr\/wp-json\/wp\/v2\/posts"}],"about":[{"href":"https:\/\/www.pefc.ch\/fr\/wp-json\/wp\/v2\/types\/post"}],"author":[{"embeddable":true,"href":"https:\/\/www.pefc.ch\/fr\/wp-json\/wp\/v2\/users\/1"}],"replies":[{"embeddable":true,"href":"https:\/\/www.pefc.ch\/fr\/wp-json\/wp\/v2\/comments?post=5074"}],"version-history":[{"count":7,"href":"https:\/\/www.pefc.ch\/fr\/wp-json\/wp\/v2\/posts\/5074\/revisions"}],"predecessor-version":[{"id":5091,"href":"https:\/\/www.pefc.ch\/fr\/wp-json\/wp\/v2\/posts\/5074\/revisions\/5091"}],"wp:featuredmedia":[{"embeddable":true,"href":"https:\/\/www.pefc.ch\/fr\/wp-json\/wp\/v2\/media\/5077"}],"wp:attachment":[{"href":"https:\/\/www.pefc.ch\/fr\/wp-json\/wp\/v2\/media?parent=5074"}],"wp:term":[{"taxonomy":"category","embeddable":true,"href":"https:\/\/www.pefc.ch\/fr\/wp-json\/wp\/v2\/categories?post=5074"},{"taxonomy":"post_tag","embeddable":true,"href":"https:\/\/www.pefc.ch\/fr\/wp-json\/wp\/v2\/tags?post=5074"}],"curies":[{"name":"wp","href":"https:\/\/api.w.org\/{rel}","templated":true}]}}